{"id":608,"date":"2021-04-21T01:29:16","date_gmt":"2021-04-21T01:29:16","guid":{"rendered":"https:\/\/www.brisalymas.com\/?p=608"},"modified":"2021-04-21T01:29:17","modified_gmt":"2021-04-21T01:29:17","slug":"willie-rosario-camino-al-dia-nacional-de-la-zalsa-en-orlando-a-sus-96-anos","status":"publish","type":"post","link":"https:\/\/www.brisalymas.com\/index.php\/2021\/04\/21\/willie-rosario-camino-al-dia-nacional-de-la-zalsa-en-orlando-a-sus-96-anos\/","title":{"rendered":"Willie Rosario camino al D\u00eda Nacional de la Zalsa en Orlando a sus 96 a\u00f1os."},"content":{"rendered":"\n<p><strong>El veterano m\u00fasico afirm\u00f3:\u201d Lo \u00fanico que quiero es seguir tocando hasta que Dios quiera\u201d<\/strong><\/p>\n\n\n\n<p>L<strong>a zalsa es un evento que por 37 a\u00f1os se a celebrado en puerto rico, por primera vez estara fuera, en orlando este 25 de abril.<\/strong><\/p>\n\n\n\n<p>Imaginar que una persona de 96 a\u00f1os pueda abordar un avi\u00f3n en medio de una crisis de salud global, como la actual, para llegar hasta un escenario musical a defender la tradici\u00f3n salsera podr\u00eda resultar inveros\u00edmil para muchos, pero para el maestro\u00a0<a rel=\"noreferrer noopener\" href=\"https:\/\/www.elnuevodia.com\/entretenimiento\/musica\/notas\/willie-rosario-la-vida-me-ha-dado-mas-de-lo-que-merezco\/\" target=\"_blank\"><strong>Willie Rosario<\/strong><\/a>no lo es.<\/p>\n\n\n\n<!--more-->\n\n\n\n<p>El veterano percusionista y director musical puertorrique\u00f1o forma parte de la oferta musical del&nbsp;<strong>Primer&nbsp;<\/strong><a href=\"https:\/\/www.elnuevodia.com\/topicos\/dia-nacional-de-la-zalsa\/\" target=\"_blank\" rel=\"noreferrer noopener\"><strong>D\u00eda Nacional de la Zalsa<\/strong><\/a>&nbsp;en Orlando, Florida, a celebrarse el domingo 25 de abril, en el Central Florida Fairgrounds.<\/p>\n\n\n\n<p>\u201cMr. Afinque\u201d, quien recibi\u00f3 la vacuna de<a rel=\"noreferrer noopener\" href=\"https:\/\/www.elnuevodia.com\/noticias\/coronavirus\/\" target=\"_blank\">\u00a0COVID-19<\/a>, afirm\u00f3 sentirse confiado y seguro de presentarse en el evento que contar\u00e1 con estrictas medidas de seguridad, luego de un a\u00f1o de encierro en su hogar. El maestro del ritmo no titubeo a la hora de cumplir con su contrato con el evento que fue cancelado el a\u00f1o pasado ante la pandemia de\u00a0<a rel=\"noreferrer noopener\" href=\"https:\/\/www.elnuevodia.com\/noticias\/coronavirus\/\" target=\"_blank\">COVID-19<\/a>. Asegur\u00f3 sentirse bien de salud y esperanzando de ver luz al final del camino cuando la pandemia se controle y se pueda regresar a los eventos presenciales.<\/p>\n\n\n\n<div class=\"wp-block-image\"><figure class=\"alignright size-large\"><img fetchpriority=\"high\" decoding=\"async\" width=\"300\" height=\"271\" src=\"https:\/\/www.brisalymas.com\/wp-content\/uploads\/2021\/04\/s-l300.jpg\" alt=\"\" class=\"wp-image-612\"\/><\/figure><\/div>\n\n\n\n<p>En las \u00faltimas semanas, Puerto Rico ha reportado un alza de casos positivos y hospitalizaciones. Lo mismo ocurre en otras naciones.<\/p>\n\n\n\n<p>\u201cHe estado guardado todo este tiempo. Estoy muy tranquilo y confiado de todas las medidas de seguridad del evento. Se va a usar mascarillas y guardar distancia. Todos estamos vacunados. Estoy muy bien de salud. No toco desde el a\u00f1o pasado. La \u00faltima vez fue en el fin de semana del D\u00eda Nacional de la Zalsa aqu\u00ed. Tocamos en un hotel y despu\u00e9s lleg\u00f3 la pandemia. A estas alturas de mi vida no se viaja con tanta frecuencia a menos que sea a Sudam\u00e9rica, pero Espa\u00f1a, Italia, Francia y Europa no porque son viajes muy largos de 10 a 12 horas en un avi\u00f3n y no es saludable\u201d, mencion\u00f3 Rosario quien hasta bromea con los a\u00f1os que tiene al decir \u201cfue que me inscribieron muy temprano\u201d.<\/p>\n\n\n\n<figure class=\"wp-block-embed is-type-video is-provider-youtube wp-block-embed-youtube wp-embed-aspect-16-9 wp-has-aspect-ratio\"><div class=\"wp-block-embed__wrapper\">\n<iframe title=\"Gilberto Santa Rosa - Agua que Cae del Cielo (Lluvia) (En Vivo) ft. Willie Rosario\" width=\"900\" height=\"506\" src=\"https:\/\/www.youtube.com\/embed\/nEDlSEt-vrI?feature=oembed\" frameborder=\"0\" allow=\"accelerometer; autoplay; clipboard-write; encrypted-media; gyroscope; picture-in-picture\" allowfullscreen><\/iframe>\n<\/div><\/figure>\n\n\n\n<p>Para Rosario la edad es un simple n\u00famero porque su \u00e1nimo y ganas de seguir promoviendo la salsa es el mismo que defend\u00eda en las d\u00e9cadas dorada del g\u00e9nero, la de los a\u00f1os 70 y 80. En esa \u00e9poca las agrupaciones de Puerto Rico, Cuba y New York dominan la industria musical y la comercializaci\u00f3n de la salsa.<\/p>\n\n\n\n<p><strong>&nbsp;Puedo decir que lo he hecho todo. Lo \u00fanico que quiero es seguir tocando hasta que Dios quiera<\/strong>\u201d, contest\u00f3 con certeza y as\u00ed lo har\u00e1.<\/p>\n\n\n\n<p>El veterano timbalero llegar\u00e1 a Orlando con su afinque pesado y con ese sonido que defini\u00f3 en el 1958 cuando cre\u00f3 su propia agrupaci\u00f3n destacando cuatro trompetas y un saxof\u00f3n bar\u00edtono. All\u00ed, en el c\u00f3nclave salsero que se traslada a Florida Central, har\u00e1 un repaso musical del repertorio aut\u00e9ntico que cre\u00f3 hace m\u00e1s de 60 a\u00f1os con su orquesta.<\/p>\n\n\n\n<p>La esencia del sonido de Rosario sigue intacta a pesar del tiempo. Esa identidad musical es la que enorgullece a Fernando Luis Rosario, nombre de pila del director, quien antes de la m\u00fasica fue obrero en Nueva York, militar del ej\u00e9rcito de los Estados Unidos durante la guerra de Corea y ejerci\u00f3 el periodismo con la agencia Prensa Unida en la radio de la Gran Manzana.<\/p>\n\n\n\n<p>Una vez regres\u00f3 a su patria en el 1952, \u201cMr. Afinque\u201d comenz\u00f3 a trabajar en la f\u00f3rmula de sonido que estableci\u00f3 desde el inicio y que es sin duda una de las m\u00e1s bailables en la industria.<\/p>\n\n\n\n<p>\u201cLa esencia no ha cambiado\u2026 las cuatro trompetas y el saxof\u00f3n bar\u00edtono. Actualmente muchas orquestas lo integraron, pero desde los inicios de mi agrupaci\u00f3n fue el que identifiqu\u00e9 hasta el d\u00eda de hoy. Esa locura de meter el saxof\u00f3n bar\u00edtono que solo estaba en los Big Band quien primero lo hizo fui yo en la salsa y me sali\u00f3\u201d, precis\u00f3 Rosario quien tuvo la oportunidad de contar con los cantantes\u00a0<a rel=\"noreferrer noopener\" href=\"https:\/\/www.instagram.com\/tonyvegaoficial\/\" target=\"_blank\">Tony Vega<\/a>,\u00a0<a rel=\"noreferrer noopener\" href=\"https:\/\/www.elnuevodia.com\/topicos\/gilberto-santa-rosa\/\" target=\"_blank\">Gilberto Santa Rosa<\/a>,\u00a0<strong>Chamaco Rivera, Frankie Figueroa, Junior Toledo y Primi Cruz\u00a0<\/strong>en las filas de su orquesta y los vio tomar nuevos rumbos para forjarse como grandes exponentes en la salsa.<\/p>\n\n\n\n<figure class=\"wp-block-embed is-type-video is-provider-youtube wp-block-embed-youtube wp-embed-aspect-4-3 wp-has-aspect-ratio\"><div class=\"wp-block-embed__wrapper\">\n<iframe title=\"WILLIE ROSARIO  LA MITAD\" width=\"900\" height=\"675\" src=\"https:\/\/www.youtube.com\/embed\/uFjdnn_qFmY?feature=oembed\" frameborder=\"0\" allow=\"accelerometer; autoplay; clipboard-write; encrypted-media; gyroscope; picture-in-picture\" allowfullscreen><\/iframe>\n<\/div><\/figure>\n\n\n\n<p>Rosario coincide con la apreciaci\u00f3n que hacen los conocedores de la salsa sobre la falta de identidad musical de algunos nuevos salseros o agrupaciones.Si bien es cierto que es necesario el pase generacional tambi\u00e9n es vital que los nuevos talentos tengan autenticidad sonora, situaci\u00f3n que tambi\u00e9n se da en otros g\u00e9neros como lo es el reguet\u00f3n, por mencionar alguno.<\/p>\n\n\n\n<p><strong>\u201c<\/strong>Los muchachos de ahora est\u00e1n sumamente preparados en estudios en la m\u00fasica y con un talento inmenso. Pero tiene que definir qu\u00e9 sonido quieren tener. Por ejemplo, si quieren llevar las cuatro trompetas y el saxof\u00f3n bar\u00edtono hay mucha gente y para pagar todo esto se necesita un presupuesto. Ellos hacen los ajustes y los contratan con menos m\u00fasicos. Si no tienen un nombre en la industria no le van a pagar como deben. Ellos tienen que proyectar su estilo siempre y se tienen que sacrificar para eso. Ah\u00ed, van a lograr el reconocimiento y el nombre que es tan necesario en este negocio de la industria. Despu\u00e9s que tengan nombre te pagan\u201d, sostuvo.<\/p>\n\n\n\n<p>De todos esos bailables, Rosario atesora en su memoria uno que hicieron en el antiguo Centro de Convenciones de San Juan junto a\u00a0<strong>El Gran Combo de Puerto Rico, la orquesta de Bobby Valent\u00edn, la Sonora Ponce\u00f1a y la Mulenze.<\/strong>\u00a0Se trataba de lo mejor de la salsa gorda en un mismo escenario que se llen\u00f3 a capacidad.<\/p>\n\n\n\n<p>Ante el panorama de la poca difusi\u00f3n del g\u00e9nero de la salsa y sin un crecimiento de exponentes salseros, el veterano percusionista reconoci\u00f3 que la \u201csalsa no va a morir, porque la salsa es una sombrilla que encierra muchos g\u00e9neros musicales\u201d.<\/p>\n\n\n\n<p>\u201cLa salsa para m\u00ed es un concepto musical que se mercade\u00f3 en todos los continentes. Veo dif\u00edcil que la salsa desaparezca porque siempre van a venir generaciones a tocarla ya sea de Cuba, de Puerto Rico\u2026 No va a desaparecer. Si se afloja con la gente joven que sigue el reguet\u00f3n, pero hay mucha gente joven que coge clases de baile salsa y les encanta. La salsa hizo y hace historia. La historia nunca muere\u201d, indic\u00f3 el percusionista casado con Ada Domenech y padre de Fernando Luis, \u201cMilito\u201d y tres hijas Elizabeth, Mar\u00eda y Maritza Ann. Asimismo tiene seis nietos; Fernando, Gabriel, Yoaquim, Gerardo Gabriel, Martin y Alondra.<\/p>\n\n\n\n<figure class=\"wp-block-embed is-type-video is-provider-youtube wp-block-embed-youtube wp-embed-aspect-16-9 wp-has-aspect-ratio\"><div class=\"wp-block-embed__wrapper\">\n<iframe title=\"Willie Rosario\" width=\"900\" height=\"506\" src=\"https:\/\/www.youtube.com\/embed\/vd51qnZDA_Q?feature=oembed\" frameborder=\"0\" allow=\"accelerometer; autoplay; clipboard-write; encrypted-media; gyroscope; picture-in-picture\" allowfullscreen><\/iframe>\n<\/div><\/figure>\n\n\n\n<p>Rosario no estar\u00e1 solo en el escenario del D\u00eda Nacional de la Zalsa en Orlando. En tarima se presentar\u00e1 E<strong>l Gran Combo, Jerry Rivera, India, Jos\u00e9 Alberto \u201cEl Canario\u201d, Tony Vega, Viti Ruiz, los soneros del \u201cDuelo del Atardecer\u201d Willito Otero y Kayvan Vega, Michael Stuart, Chamaco Rivera, N\u2019 Klabe, Isidro Infante y Charlie Cruz<\/strong>, un banquete musical para los amantes de la clave salsera.<\/p>\n\n\n\n<p>La producci\u00f3n del evento inform\u00f3 que el uso de mascarillas es obligatorio, al igual que la toma de temperatura en los puntos de entrada, tendr\u00e1n m\u00e1s de 15 estaciones de desinfecci\u00f3n y el distanciamiento f\u00edsico ser\u00e1 compulsorio.<\/p>\n\n\n\n<p><\/p>\n","protected":false},"excerpt":{"rendered":"<p>El veterano m\u00fasico afirm\u00f3:\u201d Lo \u00fanico que quiero es seguir tocando hasta que Dios quiera\u201d La zalsa es un evento que por 37 a\u00f1os se a celebrado en puerto rico, por primera vez estara fuera, en orlando este 25 de abril. Imaginar que una persona de 96 a\u00f1os pueda abordar un avi\u00f3n en medio de [&hellip;]<\/p>\n","protected":false},"author":1,"featured_media":610,"comment_status":"open","ping_status":"closed","sticky":false,"template":"","format":"standard","meta":{"_monsterinsights_skip_tracking":false,"_monsterinsights_sitenote_active":false,"_monsterinsights_sitenote_note":"","_monsterinsights_sitenote_category":0,"footnotes":""},"categories":[5],"tags":[],"class_list":["post-608","post","type-post","status-publish","format-standard","has-post-thumbnail","hentry","category-farandula"],"_links":{"self":[{"href":"https:\/\/www.brisalymas.com\/index.php\/wp-json\/wp\/v2\/posts\/608","targetHints":{"allow":["GET"]}}],"collection":[{"href":"https:\/\/www.brisalymas.com\/index.php\/wp-json\/wp\/v2\/posts"}],"about":[{"href":"https:\/\/www.brisalymas.com\/index.php\/wp-json\/wp\/v2\/types\/post"}],"author":[{"embeddable":true,"href":"https:\/\/www.brisalymas.com\/index.php\/wp-json\/wp\/v2\/users\/1"}],"replies":[{"embeddable":true,"href":"https:\/\/www.brisalymas.com\/index.php\/wp-json\/wp\/v2\/comments?post=608"}],"version-history":[{"count":2,"href":"https:\/\/www.brisalymas.com\/index.php\/wp-json\/wp\/v2\/posts\/608\/revisions"}],"predecessor-version":[{"id":613,"href":"https:\/\/www.brisalymas.com\/index.php\/wp-json\/wp\/v2\/posts\/608\/revisions\/613"}],"wp:featuredmedia":[{"embeddable":true,"href":"https:\/\/www.brisalymas.com\/index.php\/wp-json\/wp\/v2\/media\/610"}],"wp:attachment":[{"href":"https:\/\/www.brisalymas.com\/index.php\/wp-json\/wp\/v2\/media?parent=608"}],"wp:term":[{"taxonomy":"category","embeddable":true,"href":"https:\/\/www.brisalymas.com\/index.php\/wp-json\/wp\/v2\/categories?post=608"},{"taxonomy":"post_tag","embeddable":true,"href":"https:\/\/www.brisalymas.com\/index.php\/wp-json\/wp\/v2\/tags?post=608"}],"curies":[{"name":"wp","href":"https:\/\/api.w.org\/{rel}","templated":true}]}}