{"id":642,"date":"2021-04-22T16:39:09","date_gmt":"2021-04-22T16:39:09","guid":{"rendered":"https:\/\/www.brisalymas.com\/?p=642"},"modified":"2021-04-22T16:39:10","modified_gmt":"2021-04-22T16:39:10","slug":"muere-el-laureado-musico-dominicano-julio-de-windt-a-los-85-anos","status":"publish","type":"post","link":"https:\/\/www.brisalymas.com\/index.php\/2021\/04\/22\/muere-el-laureado-musico-dominicano-julio-de-windt-a-los-85-anos\/","title":{"rendered":"Muere el laureado m\u00fasico dominicano Julio De Windt a los 85 a\u00f1os."},"content":{"rendered":"\n<p>El destacado m\u00fasico y director sinf\u00f3nico, el maestro<strong>Julio De Windt Pichardo<\/strong>, falleci\u00f3 este mi\u00e9rcoles a los 85 a\u00f1os.<\/p>\n\n\n\n<!--more-->\n\n\n\n<p>Sus restos estar\u00e1n siendo velados en la funeraria Blandino <strong>ma\u00f1ana jueves a partir de las 3:00 de la tarde.<\/strong>                                                                        El violinista y exdirector de la Orquesta Sinf\u00f3nica Nacional, estuvo aquejado del COVID-19.<\/p>\n\n\n\n<p>En febrero de este a\u00f1o los familiares del maestro solicitaron mediante las redes sociales donaci\u00f3n de sangre para el m\u00fasico, quien se encontraba ingresado en el Diagn\u00f3stico Medicina Avanzada y Telemedicina (Cedimat).<\/p>\n\n\n\n<p>\u201cMuri\u00f3 Papo mi primo. El maestro Julio De Windt\u201d, escribi\u00f3 Susana Gautreau en su cuenta de Twitter.<\/p>\n\n\n\n<p>De igual forma se expres\u00f3 la senadora del Distrito Nacional, <strong>Faride Raful<\/strong>. \u201cLamento profundamente el fallecimiento del Dr. Erasmo V\u00e1squez y del maestro Julio De Windt. Dos notables ciudadanos, que dejan tras su paso, un legado de honor e historia. Paz a sus restos\u201d, escribi\u00f3 Raful.<\/p>\n\n\n\n<figure class=\"wp-block-image size-large\"><img fetchpriority=\"high\" decoding=\"async\" width=\"480\" height=\"288\" src=\"https:\/\/www.brisalymas.com\/wp-content\/uploads\/2021\/04\/img_0392.jpg\" alt=\"\" class=\"wp-image-640\" srcset=\"https:\/\/www.brisalymas.com\/wp-content\/uploads\/2021\/04\/img_0392.jpg 480w, https:\/\/www.brisalymas.com\/wp-content\/uploads\/2021\/04\/img_0392-300x180.jpg 300w\" sizes=\"(max-width: 480px) 100vw, 480px\" \/><\/figure>\n\n\n\n<p>El maestro Julio de Windt naci\u00f3 el 26 de octubre de 1935. Fue director de la Orquesta Sinf\u00f3nica Nacional, organizaci\u00f3n en la que fue violinista durante m\u00e1s de 20 a\u00f1os. Fue miembro de la Sinf\u00f3nica durante 46 a\u00f1os.&nbsp;<\/p>\n\n\n\n<p>All\u00ed comparti\u00f3 la direcci\u00f3n de la orquesta junto al laureado maestro Manuel Sim\u00f3. Fue director asociado junto a los maestros Carlos Piantini y Rafael Villanueva.<\/p>\n\n\n\n<p>Luego de su retiro como titular de la Orquesta Sinf\u00f3nica Nacional fue nombrado director em\u00e9rito de esta instituci\u00f3n.<\/p>\n\n\n\n<p>Julio de Windt se gradu\u00f3 de abogado. Escribi\u00f3 el libro&nbsp;<em>Testimonio de un director de orquesta<\/em>&nbsp;y junto a su esposa, Edith, ha desarrollado una labor docente en la Academia Dominicana de M\u00fasica.&nbsp;<\/p>\n\n\n\n<p>El maestro naci\u00f3 en San Pedro de Macor\u00eds y se form\u00f3 en el Conservatorio Nacional de M\u00fasica.<\/p>\n\n\n\n<p>Fuente:-https:\/\/www.diariolibre.com\/revista\/cultura\/muere-el-laureado-musico-dominicano-julio-de-windt-a-los-85-anos-CI25784017<\/p>\n","protected":false},"excerpt":{"rendered":"<p>El destacado m\u00fasico y director sinf\u00f3nico, el maestroJulio De Windt Pichardo, falleci\u00f3 este mi\u00e9rcoles a los 85 a\u00f1os.<\/p>\n","protected":false},"author":1,"featured_media":641,"comment_status":"open","ping_status":"closed","sticky":false,"template":"","format":"standard","meta":{"_monsterinsights_skip_tracking":false,"_monsterinsights_sitenote_active":false,"_monsterinsights_sitenote_note":"","_monsterinsights_sitenote_category":0,"footnotes":""},"categories":[5,4],"tags":[],"class_list":["post-642","post","type-post","status-publish","format-standard","has-post-thumbnail","hentry","category-farandula","category-noticias"],"_links":{"self":[{"href":"https:\/\/www.brisalymas.com\/index.php\/wp-json\/wp\/v2\/posts\/642","targetHints":{"allow":["GET"]}}],"collection":[{"href":"https:\/\/www.brisalymas.com\/index.php\/wp-json\/wp\/v2\/posts"}],"about":[{"href":"https:\/\/www.brisalymas.com\/index.php\/wp-json\/wp\/v2\/types\/post"}],"author":[{"embeddable":true,"href":"https:\/\/www.brisalymas.com\/index.php\/wp-json\/wp\/v2\/users\/1"}],"replies":[{"embeddable":true,"href":"https:\/\/www.brisalymas.com\/index.php\/wp-json\/wp\/v2\/comments?post=642"}],"version-history":[{"count":1,"href":"https:\/\/www.brisalymas.com\/index.php\/wp-json\/wp\/v2\/posts\/642\/revisions"}],"predecessor-version":[{"id":643,"href":"https:\/\/www.brisalymas.com\/index.php\/wp-json\/wp\/v2\/posts\/642\/revisions\/643"}],"wp:featuredmedia":[{"embeddable":true,"href":"https:\/\/www.brisalymas.com\/index.php\/wp-json\/wp\/v2\/media\/641"}],"wp:attachment":[{"href":"https:\/\/www.brisalymas.com\/index.php\/wp-json\/wp\/v2\/media?parent=642"}],"wp:term":[{"taxonomy":"category","embeddable":true,"href":"https:\/\/www.brisalymas.com\/index.php\/wp-json\/wp\/v2\/categories?post=642"},{"taxonomy":"post_tag","embeddable":true,"href":"https:\/\/www.brisalymas.com\/index.php\/wp-json\/wp\/v2\/tags?post=642"}],"curies":[{"name":"wp","href":"https:\/\/api.w.org\/{rel}","templated":true}]}}