{"id":879,"date":"2022-01-21T12:22:05","date_gmt":"2022-01-21T12:22:05","guid":{"rendered":"https:\/\/www.brisalymas.com\/?p=879"},"modified":"2022-01-21T12:22:36","modified_gmt":"2022-01-21T12:22:36","slug":"5g-como-afecta-esta-tecnologia-a-los-aviones-comerciales-y-por-que-las-aerolineas-en-ee-uu-hablan-de-un-peligro-inminente","status":"publish","type":"post","link":"https:\/\/www.brisalymas.com\/index.php\/2022\/01\/21\/5g-como-afecta-esta-tecnologia-a-los-aviones-comerciales-y-por-que-las-aerolineas-en-ee-uu-hablan-de-un-peligro-inminente\/","title":{"rendered":"5G: c\u00f3mo afecta esta tecnolog\u00eda a los aviones comerciales (y por qu\u00e9 las aerol\u00edneas en EE.UU. hablan de un peligro inminente)"},"content":{"rendered":"\n<ul class=\"wp-block-list\"><li>Datos:<\/li><li>Rafael Abuchaibe<\/li><li>BBC News Mundo<\/li><\/ul>\n\n\n\n<figure class=\"wp-block-image size-large\"><img fetchpriority=\"high\" decoding=\"async\" width=\"800\" height=\"450\" src=\"https:\/\/www.brisalymas.com\/wp-content\/uploads\/2022\/01\/img_2995.jpg\" alt=\"\" class=\"wp-image-875\" srcset=\"https:\/\/www.brisalymas.com\/wp-content\/uploads\/2022\/01\/img_2995.jpg 800w, https:\/\/www.brisalymas.com\/wp-content\/uploads\/2022\/01\/img_2995-300x169.jpg 300w, https:\/\/www.brisalymas.com\/wp-content\/uploads\/2022\/01\/img_2995-768x432.jpg 768w\" sizes=\"(max-width: 800px) 100vw, 800px\" \/><figcaption><strong>\u00abRecuerda apagar tu tel\u00e9fono antes del despegue\u00bb.<\/strong><\/figcaption><\/figure>\n\n\n\n<p>Si alguna vez has tenido que volar en avi\u00f3n, sabr\u00e1s que esa es una de las principales reglas de seguridad de las aerol\u00edneas a la hora de subirte en una de sus aeronaves.<\/p>\n\n\n\n<!--more-->\n\n\n\n<p>Y es que, a pesar de que la tecnolog\u00eda avanza a pasos agigantados y de que todos los d\u00edas salen artefactos nuevos para facilitarnos la vida, todos los aparatos que usamos est\u00e1n limitados por los principios f\u00edsicos b\u00e1sicos que rigen el universo.&nbsp;<\/p>\n\n\n\n<p>Por ejemplo, las ondas que emite y recibe tu tel\u00e9fono celular son ondas radiales y se mueven en el mismo espectro electromagn\u00e9tico que usan las radios y las antenas de los aviones. Lo \u00fanico que cambia es la frecuencia en la que se transmiten.<\/p>\n\n\n\n<p>Es ese principio b\u00e1sico de la f\u00edsica el que te explica por qu\u00e9 es mejor no usar tu tel\u00e9fono en un avi\u00f3n: impidiendo el uso de tel\u00e9fonos m\u00f3viles en el aire, las autoridades aeron\u00e1uticas buscan reducir al m\u00ednimo las probabilidades de que las ondas que llegan a tu tel\u00e9fono interfieran con las que llegan a los equipos de navegaci\u00f3n de la aeronave.<\/p>\n\n\n\n<p>Y aunque esta es una explicaci\u00f3n muy b\u00e1sica de un proceso bastante complejo, tambi\u00e9n ayuda a explicar por qu\u00e9 las aerol\u00edneas en Estados Unidos han pedido a los proveedores de telefon\u00eda celular del pa\u00eds que demoren el despliegue de la tecnolog\u00eda de quinta generaci\u00f3n (5G) cerca de ciertos aeropuertos.<\/p>\n\n\n\n<p><strong>El 5G y los aviones.<\/strong><\/p>\n\n\n\n<figure class=\"wp-block-image size-large\"><img decoding=\"async\" width=\"800\" height=\"450\" src=\"https:\/\/www.brisalymas.com\/wp-content\/uploads\/2022\/01\/img_2996.jpg\" alt=\"\" class=\"wp-image-876\" srcset=\"https:\/\/www.brisalymas.com\/wp-content\/uploads\/2022\/01\/img_2996.jpg 800w, https:\/\/www.brisalymas.com\/wp-content\/uploads\/2022\/01\/img_2996-300x169.jpg 300w, https:\/\/www.brisalymas.com\/wp-content\/uploads\/2022\/01\/img_2996-768x432.jpg 768w\" sizes=\"(max-width: 800px) 100vw, 800px\" \/><\/figure>\n\n\n\n<p>A finales de 2020, la Comisi\u00f3n Federal de Comunicaciones (FCC, por sus siglas en ingl\u00e9s) de Estados Unidos abri\u00f3 una subasta para ofrecer a las compa\u00f1\u00edas de telecomunicaciones licencias para poder operar en la llamada \u00abbanda C\u00bb del espectro electromagn\u00e9tico.<\/p>\n\n\n\n<p>La banda C es aquella que usan las empresas proveedoras de telefon\u00eda celular para desplegar el 5G, tecnolog\u00eda con la cual buscan ampliar la velocidad y la cobertura celular en todo el territorio nacional.<\/p>\n\n\n\n<p>Durante la subasta, la FCC logr\u00f3 otorgar m\u00e1s de US$80.000 millones en licencias.&nbsp;<\/p>\n\n\n\n<p>El problema radica en que dentro de las frecuencias que se subastaron, hab\u00eda bloques en las frecuencias de 3.7 a 3.98GHz., las cuales son muy cercanas a las que usan los radioalt\u00edmetros de algunas aeronaves.<\/p>\n\n\n\n<p>Estos artefactos operan en frecuencias entre los 4.2 y 4.5Ghz.&nbsp;<\/p>\n\n\n\n<p>Por eso es que, a m\u00e1s de un a\u00f1o de la subasta y a pocas horas de que las empresas de telefon\u00eda desplieguen sus redes 5G en la banda C, las aerol\u00edneas advirtieron que el pa\u00eds podr\u00eda estar enfrent\u00e1ndose a una \u00abposible interrupci\u00f3n masiva en el transporte de personas y bienes\u00bb.<\/p>\n\n\n\n<p><strong>5G \u00aben todos lados, menos cerca los aeropuertos\u00bb<\/strong><\/p>\n\n\n\n<p>Con el despliegue de las redes 5G en la banda C listo para arrancar el 19 de enero, algunas de las principales aerol\u00edneas del pa\u00eds enviaron una carta a la FCC, a la Administraci\u00f3n Federal de Aviaci\u00f3n (FAA) y a la Secretar\u00eda de Transportes expresando sus preocupaciones.<\/p>\n\n\n\n<p>\u00abEstamos escribiendo con urgencia para pedir que el 5G se implemente en todo el pa\u00eds excepto dentro de aproximadamente 2 millas de las pistas de los aeropuertos afectados\u00bb, argumentaba la carta, firmada, entre otros, por los presidentes de American Airlines, Delta y United.<\/p>\n\n\n\n<p>\u00abLos efectos secundarios tanto en las operaciones de pasajeros y carga, nuestra en fuerza de trabajo y la econom\u00eda en general son simplemente incalculables\u00bb, argumenta el documento.<\/p>\n\n\n\n<figure class=\"wp-block-image size-large\"><img decoding=\"async\" width=\"1280\" height=\"1704\" src=\"https:\/\/www.brisalymas.com\/wp-content\/uploads\/2022\/01\/img_2997.jpg\" alt=\"\" class=\"wp-image-877\" srcset=\"https:\/\/www.brisalymas.com\/wp-content\/uploads\/2022\/01\/img_2997.jpg 1280w, https:\/\/www.brisalymas.com\/wp-content\/uploads\/2022\/01\/img_2997-225x300.jpg 225w, https:\/\/www.brisalymas.com\/wp-content\/uploads\/2022\/01\/img_2997-769x1024.jpg 769w, https:\/\/www.brisalymas.com\/wp-content\/uploads\/2022\/01\/img_2997-768x1022.jpg 768w, https:\/\/www.brisalymas.com\/wp-content\/uploads\/2022\/01\/img_2997-1154x1536.jpg 1154w\" sizes=\"(max-width: 1280px) 100vw, 1280px\" \/><\/figure>\n\n\n\n<p>La preocupaci\u00f3n expresada por las compa\u00f1\u00edas aeron\u00e1uticas llev\u00f3 a que dos de los operadores de telefon\u00eda celular m\u00e1s grandes de EE.UU., AT&amp;T y Verizon, anunciaran que retrasar\u00edan el lanzamiento de redes 5G cerca de los aeropuertos.<\/p>\n\n\n\n<p>Un portavoz de AT&amp;T le dijo a BBC Mundo: \u00abBajo nuestra propia discreci\u00f3n, hemos de manera voluntaria accedido a aplazar temporalmente el encendido de un n\u00famero limitado de torres cercanas a ciertas pistas de aeropuertos\u00bb.&nbsp;<\/p>\n\n\n\n<p>Verizon, otra de las grandes compa\u00f1\u00edas proveedoras de telefon\u00eda celular del pa\u00eds, hizo un anuncio similar.&nbsp;<\/p>\n\n\n\n<p>Sin embargo, el portavoz de AT&amp;T critic\u00f3 a las autoridades federales y a las empresas aeron\u00e1uticas por no haber previsto dichos inconvenientes habiendo tenido casi dos a\u00f1os desde la subasta para hacerlo.<\/p>\n\n\n\n<p>\u00abEstamos frustrados con la inhabilidad de la FAA para hacer lo que casi 40 pa\u00edses han hecho, que es desplegar la tecnolog\u00eda 5G de manera segura sin interrumpir servicios de aviaci\u00f3n, y les urgimos que lo hagan de una manera oportuna\u00bb, dijo el portavoz.<\/p>\n\n\n\n<p>Agreg\u00f3 que la empresa continuar\u00eda trabajando con la industria y los reguladores aeron\u00e1uticos del pa\u00eds, entreg\u00e1ndoles m\u00e1s informaci\u00f3n sobre el despliegue de sus redes 5G, \u00abdado que no han usado los dos a\u00f1os que han tenido para planear de manera responsable este despliegue\u00bb.<\/p>\n\n\n\n<p><strong>Una cuesti\u00f3n \u00absimple\u00bb<\/strong><\/p>\n\n\n\n<figure class=\"wp-block-image size-large\"><img loading=\"lazy\" decoding=\"async\" width=\"640\" height=\"360\" src=\"https:\/\/www.brisalymas.com\/wp-content\/uploads\/2022\/01\/img_2998.jpg\" alt=\"\" class=\"wp-image-878\" srcset=\"https:\/\/www.brisalymas.com\/wp-content\/uploads\/2022\/01\/img_2998.jpg 640w, https:\/\/www.brisalymas.com\/wp-content\/uploads\/2022\/01\/img_2998-300x169.jpg 300w\" sizes=\"(max-width: 640px) 100vw, 640px\" \/><\/figure>\n\n\n\n<p>El profesor de ingenier\u00eda el\u00e9ctrica Ted Rappaport, quien adem\u00e1s es el director y fundador del centro de estudios de servicios inal\u00e1mbricos NYU Wireless de la Universidad de Nueva York, le coment\u00f3 a BBC Mundo que ve\u00eda \u00abmuy raro\u00bb que despu\u00e9s de tanto tiempo despu\u00e9s de la subasta, la industria aeron\u00e1utica exprese tanta preocupaci\u00f3n.<\/p>\n\n\n\n<p>\u00abEs una soluci\u00f3n t\u00e9cnica sencilla. Todo se resuelve f\u00e1cilmente en las aeronaves que tienen radioalt\u00edmetros malos. Simplemente tienen que poner filtros de banda para que sean menos susceptibles a la interferencia de otras bandas\u00bb.&nbsp;<\/p>\n\n\n\n<p>Adem\u00e1s, explica el profesor Rappaport, hay una raz\u00f3n m\u00e1s para estar tranquilos y es el rango de frecuencias entre los 3.98GHz del 5G y los 4.2GHz de los radioalt\u00edmetros. Es lo que se conoce como banda de guardas.<\/p>\n\n\n\n<p>\u00abYa hay una banda de guardas que la FCC puso a consideraci\u00f3n por casi dos a\u00f1os. La banda de guardas de 220 megahertz ya existe\u00bb.&nbsp;<\/p>\n\n\n\n<p>Adem\u00e1s, agrega, \u00abestoy bastante seguro que los operadores celulares tambi\u00e9n est\u00e1n haciendo su parte, como hacen alrededor del mundo. Simplemente no van a permitir que los usuarios de tel\u00e9fonos celulares usen las frecuencias m\u00e1s cercanas a las de los radares\u00bb.<\/p>\n\n\n\n<p>Para afrontar el dilema, la FAA anunci\u00f3 el domingo que hab\u00eda aprobado dos modelos de radioalt\u00edmetros \u00abque est\u00e1n instalados en una gran variedad de aviones Boeing y Airbus\u00bb.&nbsp;<\/p>\n\n\n\n<p>\u00abLa FAA tambi\u00e9n contin\u00faa trabajando con los fabricantes para entender como la informaci\u00f3n de los radioalt\u00edmetros se usa en otros sistemas de control\u00bb, agreg\u00f3 la administraci\u00f3n federal.<\/p>\n","protected":false},"excerpt":{"rendered":"<p>Datos: Rafael Abuchaibe BBC News Mundo Si alguna vez has tenido que volar en avi\u00f3n, sabr\u00e1s que esa es una de las principales reglas de seguridad de las aerol\u00edneas a la hora de subirte en una de sus aeronaves.<\/p>\n","protected":false},"author":1,"featured_media":878,"comment_status":"open","ping_status":"","sticky":false,"template":"","format":"standard","meta":{"_monsterinsights_skip_tracking":false,"_monsterinsights_sitenote_active":false,"_monsterinsights_sitenote_note":"","_monsterinsights_sitenote_category":0,"footnotes":""},"categories":[4,26],"tags":[],"class_list":["post-879","post","type-post","status-publish","format-standard","has-post-thumbnail","hentry","category-noticias","category-tecnologia"],"_links":{"self":[{"href":"https:\/\/www.brisalymas.com\/index.php\/wp-json\/wp\/v2\/posts\/879","targetHints":{"allow":["GET"]}}],"collection":[{"href":"https:\/\/www.brisalymas.com\/index.php\/wp-json\/wp\/v2\/posts"}],"about":[{"href":"https:\/\/www.brisalymas.com\/index.php\/wp-json\/wp\/v2\/types\/post"}],"author":[{"embeddable":true,"href":"https:\/\/www.brisalymas.com\/index.php\/wp-json\/wp\/v2\/users\/1"}],"replies":[{"embeddable":true,"href":"https:\/\/www.brisalymas.com\/index.php\/wp-json\/wp\/v2\/comments?post=879"}],"version-history":[{"count":1,"href":"https:\/\/www.brisalymas.com\/index.php\/wp-json\/wp\/v2\/posts\/879\/revisions"}],"predecessor-version":[{"id":880,"href":"https:\/\/www.brisalymas.com\/index.php\/wp-json\/wp\/v2\/posts\/879\/revisions\/880"}],"wp:featuredmedia":[{"embeddable":true,"href":"https:\/\/www.brisalymas.com\/index.php\/wp-json\/wp\/v2\/media\/878"}],"wp:attachment":[{"href":"https:\/\/www.brisalymas.com\/index.php\/wp-json\/wp\/v2\/media?parent=879"}],"wp:term":[{"taxonomy":"category","embeddable":true,"href":"https:\/\/www.brisalymas.com\/index.php\/wp-json\/wp\/v2\/categories?post=879"},{"taxonomy":"post_tag","embeddable":true,"href":"https:\/\/www.brisalymas.com\/index.php\/wp-json\/wp\/v2\/tags?post=879"}],"curies":[{"name":"wp","href":"https:\/\/api.w.org\/{rel}","templated":true}]}}